{"id":873,"date":"2017-12-13T15:04:08","date_gmt":"2017-12-13T15:04:08","guid":{"rendered":"https:\/\/isaladiet.com\/?p=873"},"modified":"2018-02-28T16:43:12","modified_gmt":"2018-02-28T16:43:12","slug":"dieteticienne-associee-a-polyclinique-grand-sud-a-nimes","status":"publish","type":"post","link":"https:\/\/isaladiet.com\/dieteticienne-associee-a-polyclinique-grand-sud-a-nimes\/","title":{"rendered":"PARTENAIRE DU CENTRE ESTIM"},"content":{"rendered":"<p>Depuis septembre 2017, la Polyclinique Grand Sud de\u00a0N\u00eemes a ouvert un nouveau <strong>centre de prise en charge du surpoids et de l&rsquo;ob\u00e9sit\u00e9.<\/strong><\/p>\n<p>Ce centre, d\u00e9nomm\u00e9 <strong>estim<\/strong>, offre une prise en charge pluridisciplinaire et globale aux patients. Cette prise en charge int\u00e8gre les aspects m\u00e9dicaux, chirurgicaux et psycho-sociaux li\u00e9s \u00e0 cette pathologie.<\/p>\n<p>Le parcours du patient a \u00e9t\u00e9 enti\u00e8rement repens\u00e9. Il leur est d\u00e9sormais propos\u00e9 la <strong>fili\u00e8re m\u00e9dicale<\/strong> ou la <strong>fili\u00e8re chirurgicale<\/strong> (en fonction de crit\u00e8res d&rsquo;\u00e9ligibilit\u00e9) jusqu&rsquo;au <strong>suivi pendant 5 ans<\/strong>.<\/p>\n<p>L&rsquo;\u00e9quipe pluridisciplinaire est compos\u00e9e de deux chirurgiens, d&rsquo;une infirmi\u00e8re coordonnatrice, d&rsquo;une psychologue, de deux di\u00e9t\u00e9ticiennes, d&rsquo;une secr\u00e9taire, d&rsquo;un coach sportif ainsi que de m\u00e9decins sp\u00e9cialis\u00e9s (endocrinologue, cardiologue, nutritionniste, etc.)<\/p>\n<p>Je suis donc <strong>di\u00e9t\u00e9ticienne <\/strong>pour le secteur de Bagnols-sur-C\u00e8ze et ses environs, associ\u00e9e au programme de la prise en charge nutritionnelle et di\u00e9t\u00e9tique des personnes atteintes de surpoids et d&rsquo;ob\u00e9sit\u00e9 au sein du centre estim de la Polyclinique Grand Sud (N\u00eemes) depuis le 13 D\u00e9cembre 2017.<\/p>\n<p>Pour plus d&rsquo;informations, n&rsquo;h\u00e9sitez pas \u00e0 remplir le <a href=\"https:\/\/isaladiet.com\/contact-et-adresse\/\">formulaire ci-joint.<\/a><\/p>\n<p><a href=\"https:\/\/isaladiet.com\/wp-content\/uploads\/2017\/12\/firefox_2017-12-17_15-59-31.png\"><img loading=\"lazy\" decoding=\"async\" class=\"wp-image-870 size-full aligncenter\" src=\"https:\/\/isaladiet.com\/wp-content\/uploads\/2017\/12\/firefox_2017-12-17_15-59-31.png\" alt=\"\" width=\"264\" height=\"71\" srcset=\"https:\/\/isaladiet.com\/wp-content\/uploads\/2017\/12\/firefox_2017-12-17_15-59-31.png 264w, https:\/\/isaladiet.com\/wp-content\/uploads\/2017\/12\/firefox_2017-12-17_15-59-31-260x71.png 260w\" sizes=\"auto, (max-width: 264px) 100vw, 264px\" \/><\/a><\/p>\n","protected":false},"excerpt":{"rendered":"<p>Depuis septembre 2017, la Polyclinique Grand Sud de\u00a0N\u00eemes a ouvert un nouveau centre de prise en charge du surpoids et de l&rsquo;ob\u00e9sit\u00e9. Ce centre, d\u00e9nomm\u00e9 estim, offre une prise en charge pluridisciplinaire et globale aux patients. Cette prise en charge int\u00e8gre les aspects m\u00e9dicaux, chirurgicaux et psycho-sociaux li\u00e9s \u00e0 cette pathologie. Le parcours du patient [&hellip;]<\/p>\n","protected":false},"author":4711,"featured_media":870,"comment_status":"closed","ping_status":"open","sticky":false,"template":"","format":"standard","meta":{"_exactmetrics_skip_tracking":false,"_exactmetrics_sitenote_active":false,"_exactmetrics_sitenote_note":"","_exactmetrics_sitenote_category":0,"footnotes":""},"categories":[6],"tags":[],"class_list":["post-873","post","type-post","status-publish","format-standard","has-post-thumbnail","hentry","category-actualites"],"yoast_head":"<!-- This site is optimized with the Yoast SEO plugin v27.4 - https:\/\/yoast.com\/product\/yoast-seo-wordpress\/ -->\n<title>PARTENAIRE DU CENTRE ESTIM - Isabelle HENDRICK Nutritionniste Di\u00e9t\u00e9ticienne | Isaladiet<\/title>\n<meta name=\"robots\" content=\"index, follow, max-snippet:-1, max-image-preview:large, max-video-preview:-1\" \/>\n<link rel=\"canonical\" href=\"https:\/\/isaladiet.com\/dieteticienne-associee-a-polyclinique-grand-sud-a-nimes\/\" \/>\n<meta property=\"og:locale\" content=\"fr_FR\" \/>\n<meta property=\"og:type\" content=\"article\" \/>\n<meta property=\"og:title\" content=\"PARTENAIRE DU CENTRE ESTIM - Isabelle HENDRICK Nutritionniste Di\u00e9t\u00e9ticienne | Isaladiet\" \/>\n<meta property=\"og:description\" content=\"Depuis septembre 2017, la Polyclinique Grand Sud de\u00a0N\u00eemes a ouvert un nouveau centre de prise en charge du surpoids et de l&rsquo;ob\u00e9sit\u00e9. Ce centre, d\u00e9nomm\u00e9 estim, offre une prise en charge pluridisciplinaire et globale aux patients. Cette prise en charge int\u00e8gre les aspects m\u00e9dicaux, chirurgicaux et psycho-sociaux li\u00e9s \u00e0 cette pathologie. Le parcours du patient [&hellip;]\" \/>\n<meta property=\"og:url\" content=\"https:\/\/isaladiet.com\/dieteticienne-associee-a-polyclinique-grand-sud-a-nimes\/\" \/>\n<meta property=\"og:site_name\" content=\"Isabelle HENDRICK Nutritionniste Di\u00e9t\u00e9ticienne | Isaladiet\" \/>\n<meta property=\"article:published_time\" content=\"2017-12-13T15:04:08+00:00\" \/>\n<meta property=\"article:modified_time\" content=\"2018-02-28T16:43:12+00:00\" \/>\n<meta property=\"og:image\" content=\"https:\/\/isaladiet.com\/wp-content\/uploads\/2017\/12\/firefox_2017-12-17_15-59-31.png\" \/>\n\t<meta property=\"og:image:width\" content=\"264\" \/>\n\t<meta property=\"og:image:height\" content=\"71\" \/>\n\t<meta property=\"og:image:type\" content=\"image\/png\" \/>\n<meta name=\"author\" content=\"Jonathan Ramirez\" \/>\n<meta name=\"twitter:card\" content=\"summary_large_image\" \/>\n<meta name=\"twitter:label1\" content=\"\u00c9crit par\" \/>\n\t<meta name=\"twitter:data1\" content=\"Jonathan Ramirez\" \/>\n\t<meta name=\"twitter:label2\" content=\"Dur\u00e9e de lecture estim\u00e9e\" \/>\n\t<meta name=\"twitter:data2\" content=\"1 minute\" \/>\n<script type=\"application\/ld+json\" class=\"yoast-schema-graph\">{\"@context\":\"https:\\\/\\\/schema.org\",\"@graph\":[{\"@type\":\"Article\",\"@id\":\"https:\\\/\\\/isaladiet.com\\\/dieteticienne-associee-a-polyclinique-grand-sud-a-nimes\\\/#article\",\"isPartOf\":{\"@id\":\"https:\\\/\\\/isaladiet.com\\\/dieteticienne-associee-a-polyclinique-grand-sud-a-nimes\\\/\"},\"author\":{\"name\":\"Jonathan Ramirez\",\"@id\":\"https:\\\/\\\/isaladiet.com\\\/#\\\/schema\\\/person\\\/baf8b5b0750340b3f4f2e92ed227cae5\"},\"headline\":\"PARTENAIRE DU CENTRE ESTIM\",\"datePublished\":\"2017-12-13T15:04:08+00:00\",\"dateModified\":\"2018-02-28T16:43:12+00:00\",\"mainEntityOfPage\":{\"@id\":\"https:\\\/\\\/isaladiet.com\\\/dieteticienne-associee-a-polyclinique-grand-sud-a-nimes\\\/\"},\"wordCount\":206,\"image\":{\"@id\":\"https:\\\/\\\/isaladiet.com\\\/dieteticienne-associee-a-polyclinique-grand-sud-a-nimes\\\/#primaryimage\"},\"thumbnailUrl\":\"https:\\\/\\\/isaladiet.com\\\/wp-content\\\/uploads\\\/2017\\\/12\\\/firefox_2017-12-17_15-59-31.png\",\"articleSection\":[\"Actualit\u00e9s\"],\"inLanguage\":\"fr-FR\"},{\"@type\":\"WebPage\",\"@id\":\"https:\\\/\\\/isaladiet.com\\\/dieteticienne-associee-a-polyclinique-grand-sud-a-nimes\\\/\",\"url\":\"https:\\\/\\\/isaladiet.com\\\/dieteticienne-associee-a-polyclinique-grand-sud-a-nimes\\\/\",\"name\":\"PARTENAIRE DU CENTRE ESTIM - Isabelle HENDRICK Nutritionniste Di\u00e9t\u00e9ticienne | Isaladiet\",\"isPartOf\":{\"@id\":\"https:\\\/\\\/isaladiet.com\\\/#website\"},\"primaryImageOfPage\":{\"@id\":\"https:\\\/\\\/isaladiet.com\\\/dieteticienne-associee-a-polyclinique-grand-sud-a-nimes\\\/#primaryimage\"},\"image\":{\"@id\":\"https:\\\/\\\/isaladiet.com\\\/dieteticienne-associee-a-polyclinique-grand-sud-a-nimes\\\/#primaryimage\"},\"thumbnailUrl\":\"https:\\\/\\\/isaladiet.com\\\/wp-content\\\/uploads\\\/2017\\\/12\\\/firefox_2017-12-17_15-59-31.png\",\"datePublished\":\"2017-12-13T15:04:08+00:00\",\"dateModified\":\"2018-02-28T16:43:12+00:00\",\"author\":{\"@id\":\"https:\\\/\\\/isaladiet.com\\\/#\\\/schema\\\/person\\\/baf8b5b0750340b3f4f2e92ed227cae5\"},\"breadcrumb\":{\"@id\":\"https:\\\/\\\/isaladiet.com\\\/dieteticienne-associee-a-polyclinique-grand-sud-a-nimes\\\/#breadcrumb\"},\"inLanguage\":\"fr-FR\",\"potentialAction\":[{\"@type\":\"ReadAction\",\"target\":[\"https:\\\/\\\/isaladiet.com\\\/dieteticienne-associee-a-polyclinique-grand-sud-a-nimes\\\/\"]}]},{\"@type\":\"ImageObject\",\"inLanguage\":\"fr-FR\",\"@id\":\"https:\\\/\\\/isaladiet.com\\\/dieteticienne-associee-a-polyclinique-grand-sud-a-nimes\\\/#primaryimage\",\"url\":\"https:\\\/\\\/isaladiet.com\\\/wp-content\\\/uploads\\\/2017\\\/12\\\/firefox_2017-12-17_15-59-31.png\",\"contentUrl\":\"https:\\\/\\\/isaladiet.com\\\/wp-content\\\/uploads\\\/2017\\\/12\\\/firefox_2017-12-17_15-59-31.png\",\"width\":264,\"height\":71},{\"@type\":\"BreadcrumbList\",\"@id\":\"https:\\\/\\\/isaladiet.com\\\/dieteticienne-associee-a-polyclinique-grand-sud-a-nimes\\\/#breadcrumb\",\"itemListElement\":[{\"@type\":\"ListItem\",\"position\":1,\"name\":\"Accueil\",\"item\":\"https:\\\/\\\/isaladiet.com\\\/home\\\/\"},{\"@type\":\"ListItem\",\"position\":2,\"name\":\"PARTENAIRE DU CENTRE ESTIM\"}]},{\"@type\":\"WebSite\",\"@id\":\"https:\\\/\\\/isaladiet.com\\\/#website\",\"url\":\"https:\\\/\\\/isaladiet.com\\\/\",\"name\":\"Isabelle HENDRICK Nutritionniste Di\u00e9t\u00e9ticienne | Isaladiet\",\"description\":\"Bienvenue sur le site de votre di\u00e9t\u00e9ticienne | Conseils, recettes, blog et bien plus pour votre sant\u00e9 et votre bien-\u00eatre\",\"potentialAction\":[{\"@type\":\"SearchAction\",\"target\":{\"@type\":\"EntryPoint\",\"urlTemplate\":\"https:\\\/\\\/isaladiet.com\\\/?s={search_term_string}\"},\"query-input\":{\"@type\":\"PropertyValueSpecification\",\"valueRequired\":true,\"valueName\":\"search_term_string\"}}],\"inLanguage\":\"fr-FR\"},{\"@type\":\"Person\",\"@id\":\"https:\\\/\\\/isaladiet.com\\\/#\\\/schema\\\/person\\\/baf8b5b0750340b3f4f2e92ed227cae5\",\"name\":\"Jonathan Ramirez\",\"url\":\"https:\\\/\\\/isaladiet.com\\\/author\\\/webmaster\\\/\"}]}<\/script>\n<!-- \/ Yoast SEO plugin. -->","yoast_head_json":{"title":"PARTENAIRE DU CENTRE ESTIM - Isabelle HENDRICK Nutritionniste Di\u00e9t\u00e9ticienne | Isaladiet","robots":{"index":"index","follow":"follow","max-snippet":"max-snippet:-1","max-image-preview":"max-image-preview:large","max-video-preview":"max-video-preview:-1"},"canonical":"https:\/\/isaladiet.com\/dieteticienne-associee-a-polyclinique-grand-sud-a-nimes\/","og_locale":"fr_FR","og_type":"article","og_title":"PARTENAIRE DU CENTRE ESTIM - Isabelle HENDRICK Nutritionniste Di\u00e9t\u00e9ticienne | Isaladiet","og_description":"Depuis septembre 2017, la Polyclinique Grand Sud de\u00a0N\u00eemes a ouvert un nouveau centre de prise en charge du surpoids et de l&rsquo;ob\u00e9sit\u00e9. Ce centre, d\u00e9nomm\u00e9 estim, offre une prise en charge pluridisciplinaire et globale aux patients. Cette prise en charge int\u00e8gre les aspects m\u00e9dicaux, chirurgicaux et psycho-sociaux li\u00e9s \u00e0 cette pathologie. Le parcours du patient [&hellip;]","og_url":"https:\/\/isaladiet.com\/dieteticienne-associee-a-polyclinique-grand-sud-a-nimes\/","og_site_name":"Isabelle HENDRICK Nutritionniste Di\u00e9t\u00e9ticienne | Isaladiet","article_published_time":"2017-12-13T15:04:08+00:00","article_modified_time":"2018-02-28T16:43:12+00:00","og_image":[{"width":264,"height":71,"url":"https:\/\/isaladiet.com\/wp-content\/uploads\/2017\/12\/firefox_2017-12-17_15-59-31.png","type":"image\/png"}],"author":"Jonathan Ramirez","twitter_card":"summary_large_image","twitter_misc":{"\u00c9crit par":"Jonathan Ramirez","Dur\u00e9e de lecture estim\u00e9e":"1 minute"},"schema":{"@context":"https:\/\/schema.org","@graph":[{"@type":"Article","@id":"https:\/\/isaladiet.com\/dieteticienne-associee-a-polyclinique-grand-sud-a-nimes\/#article","isPartOf":{"@id":"https:\/\/isaladiet.com\/dieteticienne-associee-a-polyclinique-grand-sud-a-nimes\/"},"author":{"name":"Jonathan Ramirez","@id":"https:\/\/isaladiet.com\/#\/schema\/person\/baf8b5b0750340b3f4f2e92ed227cae5"},"headline":"PARTENAIRE DU CENTRE ESTIM","datePublished":"2017-12-13T15:04:08+00:00","dateModified":"2018-02-28T16:43:12+00:00","mainEntityOfPage":{"@id":"https:\/\/isaladiet.com\/dieteticienne-associee-a-polyclinique-grand-sud-a-nimes\/"},"wordCount":206,"image":{"@id":"https:\/\/isaladiet.com\/dieteticienne-associee-a-polyclinique-grand-sud-a-nimes\/#primaryimage"},"thumbnailUrl":"https:\/\/isaladiet.com\/wp-content\/uploads\/2017\/12\/firefox_2017-12-17_15-59-31.png","articleSection":["Actualit\u00e9s"],"inLanguage":"fr-FR"},{"@type":"WebPage","@id":"https:\/\/isaladiet.com\/dieteticienne-associee-a-polyclinique-grand-sud-a-nimes\/","url":"https:\/\/isaladiet.com\/dieteticienne-associee-a-polyclinique-grand-sud-a-nimes\/","name":"PARTENAIRE DU CENTRE ESTIM - Isabelle HENDRICK Nutritionniste Di\u00e9t\u00e9ticienne | Isaladiet","isPartOf":{"@id":"https:\/\/isaladiet.com\/#website"},"primaryImageOfPage":{"@id":"https:\/\/isaladiet.com\/dieteticienne-associee-a-polyclinique-grand-sud-a-nimes\/#primaryimage"},"image":{"@id":"https:\/\/isaladiet.com\/dieteticienne-associee-a-polyclinique-grand-sud-a-nimes\/#primaryimage"},"thumbnailUrl":"https:\/\/isaladiet.com\/wp-content\/uploads\/2017\/12\/firefox_2017-12-17_15-59-31.png","datePublished":"2017-12-13T15:04:08+00:00","dateModified":"2018-02-28T16:43:12+00:00","author":{"@id":"https:\/\/isaladiet.com\/#\/schema\/person\/baf8b5b0750340b3f4f2e92ed227cae5"},"breadcrumb":{"@id":"https:\/\/isaladiet.com\/dieteticienne-associee-a-polyclinique-grand-sud-a-nimes\/#breadcrumb"},"inLanguage":"fr-FR","potentialAction":[{"@type":"ReadAction","target":["https:\/\/isaladiet.com\/dieteticienne-associee-a-polyclinique-grand-sud-a-nimes\/"]}]},{"@type":"ImageObject","inLanguage":"fr-FR","@id":"https:\/\/isaladiet.com\/dieteticienne-associee-a-polyclinique-grand-sud-a-nimes\/#primaryimage","url":"https:\/\/isaladiet.com\/wp-content\/uploads\/2017\/12\/firefox_2017-12-17_15-59-31.png","contentUrl":"https:\/\/isaladiet.com\/wp-content\/uploads\/2017\/12\/firefox_2017-12-17_15-59-31.png","width":264,"height":71},{"@type":"BreadcrumbList","@id":"https:\/\/isaladiet.com\/dieteticienne-associee-a-polyclinique-grand-sud-a-nimes\/#breadcrumb","itemListElement":[{"@type":"ListItem","position":1,"name":"Accueil","item":"https:\/\/isaladiet.com\/home\/"},{"@type":"ListItem","position":2,"name":"PARTENAIRE DU CENTRE ESTIM"}]},{"@type":"WebSite","@id":"https:\/\/isaladiet.com\/#website","url":"https:\/\/isaladiet.com\/","name":"Isabelle HENDRICK Nutritionniste Di\u00e9t\u00e9ticienne | Isaladiet","description":"Bienvenue sur le site de votre di\u00e9t\u00e9ticienne | Conseils, recettes, blog et bien plus pour votre sant\u00e9 et votre bien-\u00eatre","potentialAction":[{"@type":"SearchAction","target":{"@type":"EntryPoint","urlTemplate":"https:\/\/isaladiet.com\/?s={search_term_string}"},"query-input":{"@type":"PropertyValueSpecification","valueRequired":true,"valueName":"search_term_string"}}],"inLanguage":"fr-FR"},{"@type":"Person","@id":"https:\/\/isaladiet.com\/#\/schema\/person\/baf8b5b0750340b3f4f2e92ed227cae5","name":"Jonathan Ramirez","url":"https:\/\/isaladiet.com\/author\/webmaster\/"}]}},"_links":{"self":[{"href":"https:\/\/isaladiet.com\/api\/wp\/v2\/posts\/873","targetHints":{"allow":["GET"]}}],"collection":[{"href":"https:\/\/isaladiet.com\/api\/wp\/v2\/posts"}],"about":[{"href":"https:\/\/isaladiet.com\/api\/wp\/v2\/types\/post"}],"author":[{"embeddable":true,"href":"https:\/\/isaladiet.com\/api\/wp\/v2\/users\/4711"}],"replies":[{"embeddable":true,"href":"https:\/\/isaladiet.com\/api\/wp\/v2\/comments?post=873"}],"version-history":[{"count":0,"href":"https:\/\/isaladiet.com\/api\/wp\/v2\/posts\/873\/revisions"}],"wp:featuredmedia":[{"embeddable":true,"href":"https:\/\/isaladiet.com\/api\/wp\/v2\/media\/870"}],"wp:attachment":[{"href":"https:\/\/isaladiet.com\/api\/wp\/v2\/media?parent=873"}],"wp:term":[{"taxonomy":"category","embeddable":true,"href":"https:\/\/isaladiet.com\/api\/wp\/v2\/categories?post=873"},{"taxonomy":"post_tag","embeddable":true,"href":"https:\/\/isaladiet.com\/api\/wp\/v2\/tags?post=873"}],"curies":[{"name":"wp","href":"https:\/\/api.w.org\/{rel}","templated":true}]}}